{"id":298,"date":"2008-01-20T10:55:28","date_gmt":"2008-01-20T08:55:28","guid":{"rendered":"http:\/\/jousimetsastys.fi\/wp\/2008\/01\/20\/kaupunkijaniksiin-liittyvaa-keskustelua-oulussa\/"},"modified":"2008-10-23T12:49:47","modified_gmt":"2008-10-23T09:49:47","slug":"kaupunkijaniksiin-liittyvaa-keskustelua-oulussa","status":"publish","type":"post","link":"https:\/\/www.jousimetsastys.fi\/wp\/2008\/01\/20\/kaupunkijaniksiin-liittyvaa-keskustelua-oulussa\/","title":{"rendered":"Kaupunkij\u00e4niksiin liittyv\u00e4\u00e4 keskustelua Oulussa"},"content":{"rendered":"<p><img data-recalc-dims=\"1\" decoding=\"async\" src=\"https:\/\/i0.wp.com\/jousimetsastys.fi\/kuvia\/kaleva-plus.jpg?w=980\" hspace=\"10\" align=\"left\"\/><a href=\"http:\/\/www.oulu.fi\" class=\"snap_shots\" target=\"_new\">Oulun<\/a> seudulla ilmestyv\u00e4n sanomalehti <a href=\"http:\/\/www.kaleva.fi\" class=\"snap_shots\" target=\"_new\">Kalevan<\/a> <a href=\"http:\/\/www.kaleva.fi\/plus\" target=\"_new\">plus-sivuilla<\/a> k\u00e4yd\u00e4\u00e4n keskustelua kaupunkialueella lis\u00e4\u00e4ntyneet j\u00e4niskannan hallinnasta.<br \/>\n<!--more--><br \/>\n<strong>&nbsp;<\/strong><br \/>\nVoit lukea artikkelin ja halutessasi osallistua siihen liittyv\u00e4\u00e4n <a href=\"http:\/\/www.kaleva.fi\/plus\/index.cfm?j=705271\" target=\"_new\">yleiseen keskusteluun<\/a>. Maltilla ja harkiten, luonnollisesti.<\/p>\n<p>&copy; 2008, Ari Kontiainen<\/p>\n","protected":false},"excerpt":{"rendered":"<p>Oulun seudulla ilmestyv\u00e4n sanomalehti Kalevan plus-sivuilla k\u00e4yd\u00e4\u00e4n keskustelua kaupunkialueella lis\u00e4\u00e4ntyneet j\u00e4niskannan hallinnasta.<\/p>\n","protected":false},"author":69,"featured_media":0,"comment_status":"open","ping_status":"closed","sticky":false,"template":"","format":"standard","meta":{"_price":"","_stock":"","_tribe_ticket_header":"","_tribe_default_ticket_provider":"","_tribe_ticket_capacity":"0","_ticket_start_date":"","_ticket_end_date":"","_tribe_ticket_show_description":"","_tribe_ticket_show_not_going":false,"_tribe_ticket_use_global_stock":"","_tribe_ticket_global_stock_level":"","_global_stock_mode":"","_global_stock_cap":"","_tribe_rsvp_for_event":"","_tribe_ticket_going_count":"","_tribe_ticket_not_going_count":"","_tribe_tickets_list":"[]","_tribe_ticket_has_attendee_info_fields":false,"_jetpack_memberships_contains_paid_content":false,"footnotes":"","_tec_slr_enabled":"","_tec_slr_layout":""},"categories":[11],"tags":[],"class_list":["post-298","post","type-post","status-publish","format-standard","hentry","category-media"],"jetpack_featured_media_url":"","jetpack_shortlink":"https:\/\/wp.me\/p9evuG-4O","jetpack_sharing_enabled":true,"ticketed":false,"post_mailing_queue_ids":[],"_links":{"self":[{"href":"https:\/\/www.jousimetsastys.fi\/wp\/wp-json\/wp\/v2\/posts\/298","targetHints":{"allow":["GET"]}}],"collection":[{"href":"https:\/\/www.jousimetsastys.fi\/wp\/wp-json\/wp\/v2\/posts"}],"about":[{"href":"https:\/\/www.jousimetsastys.fi\/wp\/wp-json\/wp\/v2\/types\/post"}],"author":[{"embeddable":true,"href":"https:\/\/www.jousimetsastys.fi\/wp\/wp-json\/wp\/v2\/users\/69"}],"replies":[{"embeddable":true,"href":"https:\/\/www.jousimetsastys.fi\/wp\/wp-json\/wp\/v2\/comments?post=298"}],"version-history":[{"count":1,"href":"https:\/\/www.jousimetsastys.fi\/wp\/wp-json\/wp\/v2\/posts\/298\/revisions"}],"predecessor-version":[{"id":705,"href":"https:\/\/www.jousimetsastys.fi\/wp\/wp-json\/wp\/v2\/posts\/298\/revisions\/705"}],"wp:attachment":[{"href":"https:\/\/www.jousimetsastys.fi\/wp\/wp-json\/wp\/v2\/media?parent=298"}],"wp:term":[{"taxonomy":"category","embeddable":true,"href":"https:\/\/www.jousimetsastys.fi\/wp\/wp-json\/wp\/v2\/categories?post=298"},{"taxonomy":"post_tag","embeddable":true,"href":"https:\/\/www.jousimetsastys.fi\/wp\/wp-json\/wp\/v2\/tags?post=298"}],"curies":[{"name":"wp","href":"https:\/\/api.w.org\/{rel}","templated":true}]}}